{"id":948,"date":"2022-06-30T12:59:00","date_gmt":"2022-06-30T11:59:00","guid":{"rendered":"https:\/\/duniafood.com\/?p=948"},"modified":"2025-04-30T13:36:15","modified_gmt":"2025-04-30T12:36:15","slug":"mision-comercial-directa-a-croacia-y-serbia","status":"publish","type":"post","link":"https:\/\/duniafood.com\/en\/mision-comercial-directa-a-croacia-y-serbia\/","title":{"rendered":"Direct Trade Mission to Croatia and Serbia"},"content":{"rendered":"<p>Conservas Hersan ha participado en una Misi\u00f3n Comercial Directa a Croacia y Serbia para dar a conocer sus marcas y sus productos en este territorio.&nbsp;<\/p>\n\n\n\n<p>Desde el d\u00eda 29 de mayo al 3 de junio del presente a\u00f1o, Conservas Hersan ha participado en la Misi\u00f3n Comercial Directa a Croacia y Serbia para promocionar nuestros productos en estos pa\u00edses.<\/p>\n\n\n\n<p>Una misi\u00f3n organizada por la C\u00e1mara Oficial de Comercio, Industria, Servicios y Navegaci\u00f3n de Murcia y cofinanciada por INFO (Instituto de Fomento Regi\u00f3n de Murcia) y la Uni\u00f3n Europea a trav\u00e9s de los fondos FEDER (Fondo Europeo de desarrollo Regional),&nbsp;<\/p>\n\n\n\n<p>A prop\u00f3sito, Jose Luis Hern\u00e1ndez, CEO de Conservas Hersan, ha subrayado la importancia de que el \u00e1rea de Exportaci\u00f3n y Ventas Internacionales de Conservas Hersan siga estableciendo buenos contacto con potenciales clientes y realizando prospecci\u00f3n de mercados, como v\u00eda para lograr el objetivo del crecimiento y la mejora competitiva del tejido productivo de la compa\u00f1\u00eda, situada en Murcia.<\/p>\n\n\n\n<figure class=\"wp-block-image size-large\"><img fetchpriority=\"high\" decoding=\"async\" width=\"1024\" height=\"186\" src=\"https:\/\/duniafood.com\/wp-content\/uploads\/2022\/11\/logo-info-europa_Mesa-de-trabajo-1-1024x186.jpg\" alt=\"\" class=\"wp-image-2787\" srcset=\"https:\/\/duniafood.com\/wp-content\/uploads\/2022\/11\/logo-info-europa_Mesa-de-trabajo-1-1024x186.jpg 1024w, https:\/\/duniafood.com\/wp-content\/uploads\/2022\/11\/logo-info-europa_Mesa-de-trabajo-1-300x55.jpg 300w, https:\/\/duniafood.com\/wp-content\/uploads\/2022\/11\/logo-info-europa_Mesa-de-trabajo-1-768x140.jpg 768w, https:\/\/duniafood.com\/wp-content\/uploads\/2022\/11\/logo-info-europa_Mesa-de-trabajo-1.jpg 1200w\" sizes=\"(max-width: 1024px) 100vw, 1024px\" \/><\/figure>","protected":false},"excerpt":{"rendered":"<p>Conservas Hersan ha participado en una Misi\u00f3n Comercial Directa a esta zona de los pa\u00edses b\u00e1lticos para dar a conocer sus productos en este territorio.<\/p>","protected":false},"author":4,"featured_media":5300,"comment_status":"closed","ping_status":"open","sticky":false,"template":"","format":"standard","meta":{"_acf_changed":false,"_monsterinsights_skip_tracking":false,"_monsterinsights_sitenote_active":false,"_monsterinsights_sitenote_note":"","_monsterinsights_sitenote_category":0,"_jetpack_memberships_contains_paid_content":false,"footnotes":""},"categories":[25],"tags":[],"class_list":["post-948","post","type-post","status-publish","format-standard","has-post-thumbnail","hentry","category-internacional"],"acf":[],"jetpack_featured_media_url":"https:\/\/duniafood.com\/wp-content\/uploads\/2023\/07\/logo-INFO-FEDER.png","jetpack_sharing_enabled":true,"_links":{"self":[{"href":"https:\/\/duniafood.com\/en\/wp-json\/wp\/v2\/posts\/948","targetHints":{"allow":["GET"]}}],"collection":[{"href":"https:\/\/duniafood.com\/en\/wp-json\/wp\/v2\/posts"}],"about":[{"href":"https:\/\/duniafood.com\/en\/wp-json\/wp\/v2\/types\/post"}],"author":[{"embeddable":true,"href":"https:\/\/duniafood.com\/en\/wp-json\/wp\/v2\/users\/4"}],"replies":[{"embeddable":true,"href":"https:\/\/duniafood.com\/en\/wp-json\/wp\/v2\/comments?post=948"}],"version-history":[{"count":3,"href":"https:\/\/duniafood.com\/en\/wp-json\/wp\/v2\/posts\/948\/revisions"}],"predecessor-version":[{"id":2815,"href":"https:\/\/duniafood.com\/en\/wp-json\/wp\/v2\/posts\/948\/revisions\/2815"}],"wp:featuredmedia":[{"embeddable":true,"href":"https:\/\/duniafood.com\/en\/wp-json\/wp\/v2\/media\/5300"}],"wp:attachment":[{"href":"https:\/\/duniafood.com\/en\/wp-json\/wp\/v2\/media?parent=948"}],"wp:term":[{"taxonomy":"category","embeddable":true,"href":"https:\/\/duniafood.com\/en\/wp-json\/wp\/v2\/categories?post=948"},{"taxonomy":"post_tag","embeddable":true,"href":"https:\/\/duniafood.com\/en\/wp-json\/wp\/v2\/tags?post=948"}],"curies":[{"name":"wp","href":"https:\/\/api.w.org\/{rel}","templated":true}]}}